{"id":1085,"date":"2016-08-19T21:41:32","date_gmt":"2016-08-19T19:41:32","guid":{"rendered":"http:\/\/www.tuf-ev.de\/tuf_neu\/?p=1085"},"modified":"2016-11-18T16:22:17","modified_gmt":"2016-11-18T14:22:17","slug":"30-jahre-tuf-e-v-jubilaeumsveranstaltung-am-29-und-30-11-2016","status":"publish","type":"post","link":"https:\/\/www.tuf-ev.de\/tuf_neu\/30-jahre-tuf-e-v-jubilaeumsveranstaltung-am-29-und-30-11-2016\/","title":{"rendered":"30 Jahre TUF e.V. &#8211; Jubil\u00e4umsveranstaltung am 29. und 30.11.2016"},"content":{"rendered":"<p><a href=\"http:\/\/www.tuf-ev.de\/tuf_neu\/wp-content\/uploads\/2016\/08\/30_Logo-01-1.jpg\"><img loading=\"lazy\" decoding=\"async\" class=\"alignleft size-medium wp-image-1111\" src=\"http:\/\/www.tuf-ev.de\/tuf_neu\/wp-content\/uploads\/2016\/08\/30_Logo-01-1-250x190.jpg\" alt=\"30_Logo-01\" width=\"250\" height=\"190\" srcset=\"https:\/\/www.tuf-ev.de\/tuf_neu\/wp-content\/uploads\/2016\/08\/30_Logo-01-1-250x190.jpg 250w, https:\/\/www.tuf-ev.de\/tuf_neu\/wp-content\/uploads\/2016\/08\/30_Logo-01-1-768x582.jpg 768w, https:\/\/www.tuf-ev.de\/tuf_neu\/wp-content\/uploads\/2016\/08\/30_Logo-01-1-680x516.jpg 680w, https:\/\/www.tuf-ev.de\/tuf_neu\/wp-content\/uploads\/2016\/08\/30_Logo-01-1-600x455.jpg 600w, https:\/\/www.tuf-ev.de\/tuf_neu\/wp-content\/uploads\/2016\/08\/30_Logo-01-1-125x95.jpg 125w, https:\/\/www.tuf-ev.de\/tuf_neu\/wp-content\/uploads\/2016\/08\/30_Logo-01-1.jpg 827w\" sizes=\"auto, (max-width: 250px) 100vw, 250px\" \/><\/a><br \/>\nAm 02.09.1986 wurde der TUF e.V. in das Essener Vereinsregister eingetragen.<\/p>\n<p>Wir freuen uns, dass nach 30 Jahren\u00a0\u00a0ca. 250 Mitgliedern und \u00fcber 50 Schulen mit Technikunterricht in der gymnasialen Oberstufe an der\u00a0immer notwendiger werdenden technischen Bildung gemeinsam arbeiten.<\/p>\n<p>Um dieses Jubil\u00e4um entsprechend zu begehen, findet in diesem Jahr die Jahrestagung des TUF e.V. an zwei Tagen statt.<\/p>\n<p style=\"text-align: center;\"><a href=\"http:\/\/www.tuf-ev.de\/tuf_neu\/wp-content\/uploads\/2016\/08\/TUF_Tagung_Programm_2016-1-1.pdf\">TUF-Tagungs-Programm 2016<\/a><\/p>\n<p style=\"text-align: center;\"><strong>&#8212;-<\/strong><\/p>\n<p style=\"text-align: center;\"><strong>Dienstag, 29.11.2016 ab 15 Uhr und<\/strong><\/p>\n<p style=\"text-align: center;\"><strong>Mittwoch 30.11.2016 von 10 bis 16 Uhr<\/strong><\/p>\n<p style=\"text-align: center;\"><strong>Veranstaltungsort:<\/strong><\/p>\n<p style=\"text-align: center;\"><strong>Alte Lohnhalle der Zeche Holland<\/strong><br \/>\nTechnologie- und Gr\u00fcnderzentrum Wattenscheid<br \/>\nLyrenstra\u00dfe 13, 44866 Bochum<\/p>\n<p style=\"text-align: left;\">Am 29.11.2016 werden von 16 &#8211; 18.30 Uhr attraktive Vortr\u00e4ge einen Einblick in aktuelle technische und technikdidaktische Fragestellungen geben.<br \/>\nAb 19 Uhr \u00a0werden wir in einer Jubil\u00e4umsfeier die 30 Jahre TUF e.V. \u00a0begehen.<\/p>\n<p>Am 30.11.2016 findet wie gewohnt ein attraktives Workshopprogramm statt, in dem\u00a0unterrichtspraktische M\u00f6glichkeiten zu verschiedenen lehrplanrelevanten Technikbereichen vorgestellt werden.<\/p>\n<p>Zu dieser Tagung\u00a0laden wir alle Mitglieder herzlich ein.<\/p>\n<p><strong>Wir bitten um m\u00f6glichst schnelle Anmeldung bis zum 24.11.2016 insbesondere f\u00fcr die Abendveranstaltung am 29.11.2016, da wir hier die konkrete Teilnehmerzahl verbindlich buchen m\u00fcssen.\u00a0<\/strong><\/p>\n<p>[scbutton link=&#8220;mailto:info@tuf-ev.de?%20&amp;subject=Anmeldung%20 TUF-Jahrestagung %202016 &amp;body=Hiermit%20melde%20ich%20mich%20zur%20 Jubil\u00e4umstagung%20 an. %09%0D%0A%09%0D%0A Ich%20nehme%20 am%2029.11.%20und%2030.11.%20teil. %09%0D%0A%09%0D%0A Ich%20 kann%20 nur%20 am%20 29.11.%20teilnehmen. %09%0D%0A%09%0D%0A Ich %20kann%20 nur%20 am%20 30.11.%20teilnehmen. %09%0D%0A%09%0D%0A Ich%20 nehme%20 nur%20 an%20 der%20 Festveranstaltung%20 am%20 29.11.%20 ab%20 18%20 Uhr %20teil. %09%0D%0A%09%0D%0A Ich%20 werde %20im%20 TRYP-Hotel%20 \u00fcbernachten. %09%0D%0A%09%0D%0A (Nichtzutreffendes %20bitte%20 l\u00f6schen) %09%0D%0A%09%0D%0A Name: %09%0D%0A %09%0D%0AVorname: %09%0D%0A%09%0D%0AStra\u00dfe: %09%0D%0A%09%0D%0APLZ%20und%20Ort: %09%0D%0A%09%0D%0ASchule\/Institution: %09%0D%0A%09%0D%0ADienststra\u00dfe: %09%0D%0A%09%0D%0ADienstort: %09%0D%0A%09%0D%0A%09%0D%0A Mit%20freundlichen%20Gr%C3%BC%C3%9Fen&#8220; target=&#8220;blank&#8220; variation=&#8220;blue&#8220; size=&#8220;small&#8220; align=&#8220;none&#8220;]Anmeldung[\/scbutton]<\/p>\n<p>(vorkonfigurierte Email)<\/p>\n","protected":false},"excerpt":{"rendered":"<p>Am 02.09.1986 wurde der TUF e.V. in das Essener Vereinsregister eingetragen. Wir freuen uns, dass nach 30 Jahren\u00a0\u00a0ca. 250 Mitgliedern und \u00fcber 50 Schulen mit Technikunterricht in der gymnasialen Oberstufe an der\u00a0immer notwendiger werdenden technischen Bildung gemeinsam arbeiten. Um dieses Jubil\u00e4um entsprechend zu begehen, findet in diesem Jahr die Jahrestagung des TUF e.V. an zwei&nbsp;&hellip;<\/p>\n","protected":false},"author":1,"featured_media":0,"comment_status":"closed","ping_status":"closed","sticky":false,"template":"","format":"standard","meta":{"cybocfi_hide_featured_image":"","footnotes":""},"categories":[12],"tags":[],"class_list":["post-1085","post","type-post","status-publish","format-standard","hentry","category-news"],"_links":{"self":[{"href":"https:\/\/www.tuf-ev.de\/tuf_neu\/wp-json\/wp\/v2\/posts\/1085","targetHints":{"allow":["GET"]}}],"collection":[{"href":"https:\/\/www.tuf-ev.de\/tuf_neu\/wp-json\/wp\/v2\/posts"}],"about":[{"href":"https:\/\/www.tuf-ev.de\/tuf_neu\/wp-json\/wp\/v2\/types\/post"}],"author":[{"embeddable":true,"href":"https:\/\/www.tuf-ev.de\/tuf_neu\/wp-json\/wp\/v2\/users\/1"}],"replies":[{"embeddable":true,"href":"https:\/\/www.tuf-ev.de\/tuf_neu\/wp-json\/wp\/v2\/comments?post=1085"}],"version-history":[{"count":23,"href":"https:\/\/www.tuf-ev.de\/tuf_neu\/wp-json\/wp\/v2\/posts\/1085\/revisions"}],"predecessor-version":[{"id":1142,"href":"https:\/\/www.tuf-ev.de\/tuf_neu\/wp-json\/wp\/v2\/posts\/1085\/revisions\/1142"}],"wp:attachment":[{"href":"https:\/\/www.tuf-ev.de\/tuf_neu\/wp-json\/wp\/v2\/media?parent=1085"}],"wp:term":[{"taxonomy":"category","embeddable":true,"href":"https:\/\/www.tuf-ev.de\/tuf_neu\/wp-json\/wp\/v2\/categories?post=1085"},{"taxonomy":"post_tag","embeddable":true,"href":"https:\/\/www.tuf-ev.de\/tuf_neu\/wp-json\/wp\/v2\/tags?post=1085"}],"curies":[{"name":"wp","href":"https:\/\/api.w.org\/{rel}","templated":true}]}}