{"id":1160,"date":"2017-01-25T00:45:43","date_gmt":"2017-01-24T22:45:43","guid":{"rendered":"http:\/\/www.tuf-ev.de\/tuf_neu\/?p=1160"},"modified":"2017-01-25T00:46:00","modified_gmt":"2017-01-24T22:46:00","slug":"energiemesse-e-world-in-essen-09-02-17-kostenlose-schueler-lehrerangebote","status":"publish","type":"post","link":"https:\/\/www.tuf-ev.de\/tuf_neu\/energiemesse-e-world-in-essen-09-02-17-kostenlose-schueler-lehrerangebote\/","title":{"rendered":"Energiemesse E-world in Essen &#8211; 09.02.17 &#8211; kostenlose Sch\u00fcler-\/Lehrerangebote"},"content":{"rendered":"<p><a href=\"http:\/\/www.tuf-ev.de\/tuf_neu\/wp-content\/uploads\/2017\/01\/image002.png\"><img loading=\"lazy\" decoding=\"async\" class=\"alignleft size-full wp-image-1161\" src=\"http:\/\/www.tuf-ev.de\/tuf_neu\/wp-content\/uploads\/2017\/01\/image002.png\" alt=\"image002\" width=\"217\" height=\"69\" srcset=\"https:\/\/www.tuf-ev.de\/tuf_neu\/wp-content\/uploads\/2017\/01\/image002.png 217w, https:\/\/www.tuf-ev.de\/tuf_neu\/wp-content\/uploads\/2017\/01\/image002-125x40.png 125w\" sizes=\"auto, (max-width: 217px) 100vw, 217px\" \/><\/a>Auf der <strong>E-world in Esse<\/strong>n, Europas Leitmesse der Energiewirtschaft, pr\u00e4sentiert die KlimaExpo.NRW jungen Nachwuchskr\u00e4ften vielf\u00e4ltige Angebote zum Thema \u201eDein Arbeitsplatz: Klimaschutz\u201c.<br \/>\nIm Karriereforum der KlimaExpo.NRW diskutieren am Donnerstag, 9. Februar 2017, Unternehmensvertreter, Experten und Startup-Gr\u00fcnder zu Chancen und Perspektiven im Berufsfeld Klimaschutz. Sch\u00fclerinnen und Sch\u00fcler haben die Gelegenheit, sich im direkten Gespr\u00e4ch einen \u00dcberblick \u00fcber Studienm\u00f6glichkeiten und Praktika zu verschaffen. Ziel ist es, den Austausch zwischen Unternehmen, Hochschulen und den Sch\u00fclerinnen und Sch\u00fclern zu f\u00f6rdern und sie in pers\u00f6nlichen Gespr\u00e4chen f\u00fcr das T\u00e4tigkeitsfeld Klimaschutz zu begeistern.<\/p>\n<p><!--more-->\u00dcber das Onlineportal der E-world erhalten alle Interessierten ein Freiticket direkt von der Messe. Um den Branchennachwuchs auf den \u201eArbeitsplatz Klimaschutz\u201c aufmerksam zu machen, bewirbt die KlimaExpo.NRW die kostenfreie Teilnahme am Karriereforum \u2013 unter anderem mit einer Plakat- und Postkartenaktion. Wir w\u00fcrden uns sehr freuen, wenn Sie unser Angebot durch Weiterleitung an die zdI-Zentren NRW und interessierte Technik-Lehrerinnen und -Lehrer unterst\u00fctzen k\u00f6nnten. Anbei senden wir Ihnen dazu in digitaler Version unsere Postkarten und Plakate. Weitere Informationen finden Sie auf unserer Internetseite unter <a href=\"http:\/\/www.klimaexpo.nrw\/2017\/e-world\/karrieretag\/\">http:\/\/www.klimaexpo.nrw\/2017\/e-world\/karrieretag\/<\/a><\/p>\n<p>Dar\u00fcber hinaus veranstalten wir an diesem Tag eine Exkursion zum Thema \u201eForschung\u201c mit interessanten Laborbesuchen bei der Evonik Creavis in Marl und dem Wasserstoff-Anwenderzentrum H2-Herten. Wir laden Sie herzlich dazu ein, Ihre Kontakte auch hierauf hinzuweisen. Sollte eine Schulklasse Interesse daran haben, an der Exkursion teilzunehmen, bitten wir um einen kurzen Hinweis. Weitere Informationen zur Exkursion: <a href=\"http:\/\/www.klimaexpo.nrw\/2017\/e-world\/exkursionen\/exkursion-forschung\/\">http:\/\/www.klimaexpo.nrw\/2017\/e-world\/exkursionen\/exkursion-forschung\/<\/a><\/p>\n<p>Die KlimaExpo.NRW wurde von der Landesregierung ins Leben gerufen, um das technologische und wirtschaftliche Potenzial Nordrhein-Westfalens im Bereich Klimaschutz zu pr\u00e4sentieren. Auf der E-world 2017 feiert die Landesinitiative den Auftakt f\u00fcr ihr Zwischenpr\u00e4sentationsjahr mit einer umfassenden Darstellung der bis dato gesammelten Projekte, die sich durch innovative Technologien und Forschungen, aber auch durch besonderes Engagement im Klimaschutz verdient gemacht haben.<\/p>\n","protected":false},"excerpt":{"rendered":"<p>Auf der E-world in Essen, Europas Leitmesse der Energiewirtschaft, pr\u00e4sentiert die KlimaExpo.NRW jungen Nachwuchskr\u00e4ften vielf\u00e4ltige Angebote zum Thema \u201eDein Arbeitsplatz: Klimaschutz\u201c. Im Karriereforum der KlimaExpo.NRW diskutieren am Donnerstag, 9. Februar 2017, Unternehmensvertreter, Experten und Startup-Gr\u00fcnder zu Chancen und Perspektiven im Berufsfeld Klimaschutz. Sch\u00fclerinnen und Sch\u00fcler haben die Gelegenheit, sich im direkten Gespr\u00e4ch einen \u00dcberblick \u00fcber&nbsp;&hellip;<\/p>\n","protected":false},"author":1,"featured_media":0,"comment_status":"closed","ping_status":"closed","sticky":false,"template":"","format":"standard","meta":{"cybocfi_hide_featured_image":"","footnotes":""},"categories":[12],"tags":[],"class_list":["post-1160","post","type-post","status-publish","format-standard","hentry","category-news"],"_links":{"self":[{"href":"https:\/\/www.tuf-ev.de\/tuf_neu\/wp-json\/wp\/v2\/posts\/1160","targetHints":{"allow":["GET"]}}],"collection":[{"href":"https:\/\/www.tuf-ev.de\/tuf_neu\/wp-json\/wp\/v2\/posts"}],"about":[{"href":"https:\/\/www.tuf-ev.de\/tuf_neu\/wp-json\/wp\/v2\/types\/post"}],"author":[{"embeddable":true,"href":"https:\/\/www.tuf-ev.de\/tuf_neu\/wp-json\/wp\/v2\/users\/1"}],"replies":[{"embeddable":true,"href":"https:\/\/www.tuf-ev.de\/tuf_neu\/wp-json\/wp\/v2\/comments?post=1160"}],"version-history":[{"count":2,"href":"https:\/\/www.tuf-ev.de\/tuf_neu\/wp-json\/wp\/v2\/posts\/1160\/revisions"}],"predecessor-version":[{"id":1163,"href":"https:\/\/www.tuf-ev.de\/tuf_neu\/wp-json\/wp\/v2\/posts\/1160\/revisions\/1163"}],"wp:attachment":[{"href":"https:\/\/www.tuf-ev.de\/tuf_neu\/wp-json\/wp\/v2\/media?parent=1160"}],"wp:term":[{"taxonomy":"category","embeddable":true,"href":"https:\/\/www.tuf-ev.de\/tuf_neu\/wp-json\/wp\/v2\/categories?post=1160"},{"taxonomy":"post_tag","embeddable":true,"href":"https:\/\/www.tuf-ev.de\/tuf_neu\/wp-json\/wp\/v2\/tags?post=1160"}],"curies":[{"name":"wp","href":"https:\/\/api.w.org\/{rel}","templated":true}]}}